{"id":285,"date":"2026-01-16T10:33:39","date_gmt":"2026-01-16T16:33:39","guid":{"rendered":"https:\/\/blog.columbafunerales.com\/?p=285"},"modified":"2026-01-16T10:51:15","modified_gmt":"2026-01-16T16:51:15","slug":"frases-mexicanas-para-referirse-a-la-muerte","status":"publish","type":"post","link":"https:\/\/blog.columbafunerales.com\/index.php\/2026\/01\/16\/frases-mexicanas-para-referirse-a-la-muerte\/","title":{"rendered":"Frases mexicanas para referirse a la muerte"},"content":{"rendered":"\n<p>El lenguaje es un reflejo de la realidad humana; no es una herramienta neutral, sino un medio que moldea activamente el significado y la comprensi\u00f3n. Las expresiones que usamos cargan connotaciones simb\u00f3licas que van m\u00e1s all\u00e1 de su sentido literal. Las met\u00e1foras y el lenguaje figurado crean nuevos significados al describir una cosa en funci\u00f3n de otra.<\/p>\n\n\n\n<p>De esta manera entendemos que la lengua es un sistema adaptativo, sociocultural y profundamente complejo. Como se\u00f1ala la ling\u00fcista Concepci\u00f3n Company Company: <em>\u201cLa lengua es el veh\u00edculo de transmisi\u00f3n de experiencias, que es una herencia patrimonial de tradiciones, de h\u00e1bitos: es un ritual compartido\u201d<\/em>.<\/p>\n\n\n\n<p> As\u00ed, el idioma nos otorga una identidad ling\u00fc\u00edstica; hablamos como mexicanos y, en nuestras palabras, se refleja nuestra idiosincrasia, nuestra vida, nuestra cultura y nuestra sociedad.<\/p>\n\n\n\n<p>De ello nacen las m\u00faltiples formas de referirnos a la muerte. En M\u00e9xico solemos recurrir a met\u00e1foras y eufemismos para suavizar o ironizar sobre el tema. Algunas expresiones populares son:<\/p>\n\n\n\n<p class=\"has-text-color has-link-color wp-elements-5363133011d935eb90ce6c58291156e2\" style=\"color:#d14081\">\u201ctorcer el pescuezo\u201d o \u201ctorcer el quiote\u201d, en alusi\u00f3n a la postura de las aves al morir; \u201cescabechar\u201d, dicho en tono sarc\u00e1stico para referirse a alguien que fue asesinado; \u201ccolg\u00f3 los tenis\u201d, evocando la idea de que ya no volver\u00e1 a caminar; o \u201cya se petateo\u201d, expresi\u00f3n que remite al petate, tejido vegetal usado tanto para dormir como para envolver a los difuntos en la \u00e9poca prehisp\u00e1nica.<\/p>\n\n\n\n<p>Durante la Revoluci\u00f3n Mexicana surgi\u00f3 la frase \u201cya chup\u00f3 faros\u201d, pues a los fusilados se les permit\u00eda fumar un cigarrillo de la marca Faros antes de ser ejecutados. Otra muy com\u00fan es \u201cya lo carg\u00f3 el payaso\u201d, expresi\u00f3n que hace referencia al payaso de rodeo, quien distrae al toro y, en caso de que el jinete caiga mal herido, termina carg\u00e1ndolo fuera del ruedo.<\/p>\n\n\n\n<p>Tambi\u00e9n encontramos el dicho \u201cme lleva el Pifas\u201d, que tiene su origen a principios del siglo XIX. Se cuenta que un c\u00e9lebre ladr\u00f3n llamado Pifas enga\u00f1aba a sus v\u00edctimas hasta desorientarlas y despojarlas de su dinero. Su fama fue tal que los ciudadanos empezaron a usar la frase para expresar molestia o desgracia, y con el tiempo se extendi\u00f3 hasta convertirse en un modo de aludir a la muerte.<\/p>\n\n\n\n<p>La idiosincrasia mexicana ha dado lugar a formas peculiares y hasta ingeniosas de nombrar a la muerte. No en vano se dice que \u201cel mexicano se r\u00ede de la muerte\u201d. Desde peque\u00f1os crecemos con expresiones que la presentan de manera cari\u00f1osa o ir\u00f3nica, como un intento de atenuar lo que en realidad sentimos: temor y deseo de mantenerla distante.<\/p>\n\n\n\n<p class=\"has-text-color has-link-color wp-elements-b6e17cfb31a5e5a279a07127b204b43b\" style=\"color:#d14081\">As\u00ed, al dar la noticia solemos recurrir a eufemismos como <em>\u201csu vida expir\u00f3\u201d<\/em>, <em>\u201cpas\u00f3 a mejor vida\u201d<\/em>, <em>\u201cnaci\u00f3 para la vida eterna\u201d<\/em>, <em>\u201cfalleci\u00f3\u201d<\/em>, <em>\u201cse fue al m\u00e1s all\u00e1\u201d<\/em>, <em>\u201cse enfri\u00f3\u201d<\/em> o <em>\u201cse fue al otro barrio\u201d<\/em>, <em>\u201cestir\u00f3 la pata\u201d, \u201cse lo carg\u00f3 la flaca\u201d, \u201centreg\u00f3 el equipo\u201d, <\/em>todas formas de expresar la incertidumbre sobre lo que ocurre despu\u00e9s de la vida.<\/p>\n\n\n\n<p>La cultura mexicana encierra tanto sincretismo que une cosmovisi\u00f3n, iron\u00eda y humor para crear un lenguaje \u00fanico alrededor de la muerte. Estas expresiones, cargadas de simbolismo, impregnan nuestra cultura popular y nos identifican como mexicanos.<\/p>\n","protected":false},"excerpt":{"rendered":"<p>El lenguaje es un reflejo de la realidad humana; no es una herramienta neutral, sino un medio que moldea activamente el significado y la comprensi\u00f3n.<\/p>\n","protected":false},"author":2,"featured_media":286,"comment_status":"open","ping_status":"open","sticky":false,"template":"","format":"standard","meta":{"footnotes":""},"categories":[2],"tags":[8,36,39],"class_list":["post-285","post","type-post","status-publish","format-standard","has-post-thumbnail","hentry","category-sin-categoria","tag-duelo","tag-historia","tag-tradicion"],"_links":{"self":[{"href":"https:\/\/blog.columbafunerales.com\/index.php\/wp-json\/wp\/v2\/posts\/285","targetHints":{"allow":["GET"]}}],"collection":[{"href":"https:\/\/blog.columbafunerales.com\/index.php\/wp-json\/wp\/v2\/posts"}],"about":[{"href":"https:\/\/blog.columbafunerales.com\/index.php\/wp-json\/wp\/v2\/types\/post"}],"author":[{"embeddable":true,"href":"https:\/\/blog.columbafunerales.com\/index.php\/wp-json\/wp\/v2\/users\/2"}],"replies":[{"embeddable":true,"href":"https:\/\/blog.columbafunerales.com\/index.php\/wp-json\/wp\/v2\/comments?post=285"}],"version-history":[{"count":3,"href":"https:\/\/blog.columbafunerales.com\/index.php\/wp-json\/wp\/v2\/posts\/285\/revisions"}],"predecessor-version":[{"id":290,"href":"https:\/\/blog.columbafunerales.com\/index.php\/wp-json\/wp\/v2\/posts\/285\/revisions\/290"}],"wp:featuredmedia":[{"embeddable":true,"href":"https:\/\/blog.columbafunerales.com\/index.php\/wp-json\/wp\/v2\/media\/286"}],"wp:attachment":[{"href":"https:\/\/blog.columbafunerales.com\/index.php\/wp-json\/wp\/v2\/media?parent=285"}],"wp:term":[{"taxonomy":"category","embeddable":true,"href":"https:\/\/blog.columbafunerales.com\/index.php\/wp-json\/wp\/v2\/categories?post=285"},{"taxonomy":"post_tag","embeddable":true,"href":"https:\/\/blog.columbafunerales.com\/index.php\/wp-json\/wp\/v2\/tags?post=285"}],"curies":[{"name":"wp","href":"https:\/\/api.w.org\/{rel}","templated":true}]}}